{"id":728,"date":"2024-11-27T12:08:04","date_gmt":"2024-11-27T12:08:04","guid":{"rendered":"https:\/\/parkingtesla.com\/?p=728"},"modified":"2024-11-27T12:08:34","modified_gmt":"2024-11-27T12:08:34","slug":"sta-je-dzet-leg-koliko-traje-i-koji-su-mu-simptomi","status":"publish","type":"post","link":"https:\/\/parkingtesla.com\/en\/2024\/11\/27\/sta-je-dzet-leg-koliko-traje-i-koji-su-mu-simptomi\/","title":{"rendered":"\u0160ta je d\u017eet leg, koliko traje i koji su mu simptomi?"},"content":{"rendered":"<p><b>D\u017eet leg (jet lag)<\/b><span style=\"font-weight: 400;\"> je poreme\u0107aj do kog dolazi prilikom leta avionom kroz nekoliko vremenskih zona. Tada se mogu osetiti odre\u0111ene posledice usled neusagla\u0161enosti \u010dovekovog uobi\u010dajenog fiziolo\u0161kog ritma i geografskog ritma. Naziva se jo\u0161 i cirkadijalna disritmija.<\/span><\/p>\n<p><span style=\"font-weight: 400;\">Pro\u010ditajte u nastavku bloga koji su naj\u010de\u0161\u0107i simptomi d\u017eet lega i kako ih umanjiti.<\/span><\/p>\n<h2><span style=\"font-weight: 400;\">Za\u0161to se doga\u0111a d\u017eet leg?<\/span><\/h2>\n<p><span style=\"font-weight: 400;\">Ukratko, ukoliko va\u0161e telo o\u010dekuje da je na destinaciji na koju ste stigli no\u0107, a tamo je jutro, do\u0107i \u0107e do mimoila\u017eenja va\u0161eg biolo\u0161kog ritma sa geografskim, a vi \u0107ete se naj\u010de\u0161\u0107e ose\u0107ati umorno ili imate pote\u0161ko\u0107a da zaspite.<\/span><\/p>\n<p><span style=\"font-weight: 400;\">Praksa pokazuje da putovanja u smeru istok-zapad ljudi lak\u0161e podnose, jer du\u017ei dan manje remeti organizam od smanjenog broja sun\u010danih \u010dasova. Tako\u0111e, mla\u0111e osobe se adaptiraju br\u017ee od starijih. Li\u010dne karakteristike ovde igraju ulogu jer <\/span><b>\u201eno\u0107ne ptice\u201c bolje podnose putovanja na istok<\/b><span style=\"font-weight: 400;\">, dok se jutarnji tipovi lak\u0161e prilagode kada putuju na zapad.<\/span><\/p>\n<h2><span style=\"font-weight: 400;\">Koji su simptomi?<\/span><\/h2>\n<p><span style=\"font-weight: 400;\">D\u017eet leg simptomi naj\u010de\u0161\u0107e obuhvataju slede\u0107e:<\/span><\/p>\n<p><b>Pote\u0161ko\u0107e pri odla\u017eenju na spavanje na vreme &#8211; <\/b><span style=\"font-weight: 400;\">iako ste svesni da je vreme za odmor, telo i um jednostavno odbijaju da se &#8220;isklju\u010de.&#8221; Mo\u017eda ose\u0107ate unutra\u0161nju napetost ili imate ose\u0107aj da jo\u0161 ne\u0161to treba da zavr\u0161ite, \u0161to odla\u017ee odlazak u krevet;<\/span><\/p>\n<p><b>Nesanica uprkos fizi\u010dkom umoru<\/b><span style=\"font-weight: 400;\"> &#8211; san vam ne dolazi na o\u010di iako je telo iscrpljeno i \u010ditavog dana ste obilazili znamenitosti ili bili fizi\u010dki aktivni;<\/span><\/p>\n<p><b>Pospanost u toku dana<\/b><span style=\"font-weight: 400;\"> &#8211; u toku dana ose\u0107ate neprestanu potrebu da dremnete i nedostaje vam san;\u00a0<\/span><\/p>\n<p><b>Stalni ose\u0107aj umora i iscrpljenosti<\/b><span style=\"font-weight: 400;\"> &#8211; bez obzira na du\u017einu sna ili odmaranje, ose\u0107aj energije ne dolazi. \u010cini vam se da vu\u010dete dan iz jedne obaveze u drugu bez dovoljno snage;<\/span><\/p>\n<p><b>Konfuzija, zbunjenost &#8211; <\/b><span style=\"font-weight: 400;\">usporeni ste,<\/span> <span style=\"font-weight: 400;\">te\u017ee se fokusirate ili donosite odluke. Povremeno imate ose\u0107aj da ste dezorijentisani i kao da vam misli &#8220;be\u017ee\u201d;<\/span><\/p>\n<p><b>Ose\u0107aj nervoze<\/b><span style=\"font-weight: 400;\"> &#8211; neispavanost obi\u010dno dovodi do iritabilnosti, mogu\u0107e je da \u0107e vas nervirati stvari na koje ina\u010de ne biste obratili pa\u017enju;<\/span><\/p>\n<p><b>Stoma\u010dni problemi<\/b><span style=\"font-weight: 400;\"> &#8211; nisu toliko \u010dest simptom, ali s vremena na vreme d\u017eet leg dovodi i do gubitka apetita, mu\u010dnine, zatvora ili dijareje.<\/span><\/p>\n<p><img fetchpriority=\"high\" decoding=\"async\" class=\"alignnone wp-image-731 size-full\" src=\"https:\/\/parkingtesla.com\/wp-content\/uploads\/2024\/11\/zena-umor-jastuk.jpg\" alt=\"\" width=\"1024\" height=\"683\" srcset=\"https:\/\/parkingtesla.com\/wp-content\/uploads\/2024\/11\/zena-umor-jastuk.jpg 1024w, https:\/\/parkingtesla.com\/wp-content\/uploads\/2024\/11\/zena-umor-jastuk-300x200.jpg 300w, https:\/\/parkingtesla.com\/wp-content\/uploads\/2024\/11\/zena-umor-jastuk-768x512.jpg 768w\" sizes=\"(max-width: 1024px) 100vw, 1024px\" \/><\/p>\n<h2><span style=\"font-weight: 400;\">Koliko traje d\u017eet leg?<\/span><\/h2>\n<p><span style=\"font-weight: 400;\">Naj\u010de\u0161\u0107e prolazi sam od sebe <\/span><b>nakon nekoliko dana. <\/b><span style=\"font-weight: 400;\">U proseku je potrebno dan do dan i po za svaku vremensku zonu kroz koju se pro\u0161lo. Me\u0111utim, postoje slu\u010dajevi kada su se pacijenti \u017ealili da ose\u0107aju posledice d\u017eet lega i nekoliko nedelja nakon leta avionom.<\/span><\/p>\n<h2><span style=\"font-weight: 400;\">Mo\u017ee li se spre\u010diti?<\/span><\/h2>\n<p><span style=\"font-weight: 400;\">D\u017eet leg se te\u0161ko mo\u017ee u potpunosti spre\u010diti, ali se njegovi simptomi mogu svesti na minimum. Potrebno je preuzeti preventivne mere nekoliko dana pre i posle leta.<\/span><\/p>\n<h3><span style=\"font-weight: 400;\">Pre leta<\/span><\/h3>\n<ul>\n<li style=\"font-weight: 400;\" aria-level=\"1\"><span style=\"font-weight: 400;\">Dobro se naspavajte uo\u010di putovanja. Ukoliko kre\u0107ete umorni i neispavani simptomi \u0107e biti mnogo te\u017ei.<\/span><\/li>\n<li style=\"font-weight: 400;\" aria-level=\"1\"><span style=\"font-weight: 400;\">Prilago\u0111avajte svoj raspored spavanja postepeno nekoliko dana uo\u010di puta:<\/span>\n<ul>\n<li style=\"font-weight: 400;\" aria-level=\"2\"><span style=\"font-weight: 400;\">Ako putujete na istok, odlazite na spavanje bar sat ranije kako biste se privikli na lokalno vreme.<\/span><\/li>\n<li style=\"font-weight: 400;\" aria-level=\"2\"><span style=\"font-weight: 400;\">Ako putujete na zapad, ostanite budni bar sat du\u017ee svake no\u0107i.<\/span><\/li>\n<\/ul>\n<\/li>\n<li style=\"font-weight: 400;\" aria-level=\"1\"><span style=\"font-weight: 400;\">Prilagodite vreme svojih obroka vremenu u koje \u0107ete ih jesti na svojoj destinaciji koliko god je to mogu\u0107e.<\/span><\/li>\n<li style=\"font-weight: 400;\" aria-level=\"1\"><span style=\"font-weight: 400;\">Ukoliko putujete na izrazito va\u017ean doga\u0111aj ili poslovni sastanak, razmotrite rezervaciju leta par dana ranije kako biste imali vremena da se prilagodite.<\/span><\/li>\n<li style=\"font-weight: 400;\" aria-level=\"1\"><span style=\"font-weight: 400;\">Hidrirajte se uo\u010di i za vreme leta.<\/span><\/li>\n<li style=\"font-weight: 400;\" aria-level=\"1\"><span style=\"font-weight: 400;\">Jedite manje i \u0161to zdravije obroke uo\u010di leta kako biste izbegli stoma\u010dne probleme i ose\u0107aj te\u017eine.<\/span><\/li>\n<li style=\"font-weight: 400;\" aria-level=\"1\"><span style=\"font-weight: 400;\">Ukoliko ste ranije imali problema sa te\u017eim oblikom d\u017eet lega, razgovarajte pre putovanja sa izabranim lekarom kako bi vam prepisao lekove za spavanje ili dao koristan savet.<\/span><\/li>\n<li style=\"font-weight: 400;\" aria-level=\"1\"><span style=\"font-weight: 400;\">Kao i uo\u010di svakog puta, preporuka je ubaciti pakovanje probiotika i suplemenata za ja\u010danje imuniteta u ru\u010dni prtljag ili <\/span><a href=\"https:\/\/parkingtesla.com\/2024\/02\/19\/prtljag-u-avionu-sta-sme-a-sta-ne-sme-da-se-unosi\/\"><span style=\"font-weight: 400;\">prtljag u avionu<\/span><\/a><span style=\"font-weight: 400;\">. Magnezijum mo\u017ee biti posebno koristan za smanjenje napetosti i otklanjanje umora.<\/span><\/li>\n<li style=\"font-weight: 400;\" aria-level=\"1\"><span style=\"font-weight: 400;\">Ukoliko uzimate prepisanu terapiju, tako\u0111e se konsultujte sa svojim lekarom o tome da li je potrebno promeniti vreme pijenja leka.<\/span><\/li>\n<li style=\"font-weight: 400;\" aria-level=\"1\"><span style=\"font-weight: 400;\">Opremite se slu\u0161alicama, udobnim jastukom i maskom za o\u010di. Probajte da spavate u avionu ukoliko je na destinaciji na koju letite dan.<\/span><\/li>\n<\/ul>\n<h3><span style=\"font-weight: 400;\">Posle leta<\/span><\/h3>\n<ul>\n<li style=\"font-weight: 400;\" aria-level=\"1\"><span style=\"font-weight: 400;\">Prilagodite svoje izlaganje svetlosti kako biste podesili cirkadijalni ritam:<\/span>\n<ul>\n<li style=\"font-weight: 400;\" aria-level=\"2\"><span style=\"font-weight: 400;\">Nakon putovanja na zapad, izlo\u017eite se ve\u010dernjoj svetlosti i provedite vreme na otvorenom.<\/span><\/li>\n<li style=\"font-weight: 400;\" aria-level=\"2\"><span style=\"font-weight: 400;\">Nakon putovanja na istok, izlo\u017eite se jutarnjoj sun\u010devoj svetlosti.<\/span><\/li>\n<li style=\"font-weight: 400;\" aria-level=\"2\"><span style=\"font-weight: 400;\">Za razlike u vremenskoj zoni ve\u0107e od 8 sati, strate\u0161ki se prilago\u0111avajte (izbegavajte jarku svetlost ujutru i uve\u010de ukoliko je potrebno).<\/span><\/li>\n<\/ul>\n<\/li>\n<li style=\"font-weight: 400;\" aria-level=\"1\"><span style=\"font-weight: 400;\">Prihvatite lokalno vreme \u0161to pre:<\/span>\n<ul>\n<li style=\"font-weight: 400;\" aria-level=\"2\"><span style=\"font-weight: 400;\">Ru\u010dni \u010dasovnik ili sat na telefonu odmah prebacite na odgovaraju\u0107u vremensku zonu.<\/span><\/li>\n<li style=\"font-weight: 400;\" aria-level=\"2\"><span style=\"font-weight: 400;\">Jedite u vreme kada jedu lokalci.<\/span><\/li>\n<\/ul>\n<\/li>\n<li style=\"font-weight: 400;\" aria-level=\"1\"><span style=\"font-weight: 400;\">Hidrirajte se tokom leta i nakon \u0161to sletite.<\/span><\/li>\n<li style=\"font-weight: 400;\" aria-level=\"1\"><span style=\"font-weight: 400;\">Izbegavajte prvih dana alkohol jer mo\u017ee izazvati dehidrataciju i naru\u0161iti prirodni ciklus spavanja.<\/span><\/li>\n<li style=\"font-weight: 400;\" aria-level=\"1\"><span style=\"font-weight: 400;\">Kofein koristite umereno i strate\u0161ki \u2013 tokom dana mo\u017ee pomo\u0107i, ali ga izbegavajte popodne i uve\u010de.<\/span><\/li>\n<li style=\"font-weight: 400;\" aria-level=\"1\"><span style=\"font-weight: 400;\">Poku\u0161ajte da provedete prvih dana \u0161to vi\u0161e vremena na otvorenom, na jarkoj sun\u010devoj svetlosti kako bi se va\u0161 biolo\u0161ki sat resetovao.<\/span><\/li>\n<li style=\"font-weight: 400;\" aria-level=\"1\"><span style=\"font-weight: 400;\">Budite fizi\u010dki aktivni u toku dana, ali ne neposredno pred spavanje.<\/span><\/li>\n<\/ul>\n<p>&nbsp;<\/p>\n<p><span style=\"font-weight: 400;\">Nadamo se da su vam na\u0161i saveti bili od koristi. Kada budete planirali svoju narednu avanturu, ne zaboravite na <\/span><a href=\"https:\/\/parkingtesla.com\/\"><span style=\"font-weight: 400;\">Tesla Parking na aerodromu<\/span><\/a><span style=\"font-weight: 400;\">. Putujte bezbri\u017eno, jer \u0107e va\u0161 automobil biti na sigurnom.<\/span><\/p>\n","protected":false},"excerpt":{"rendered":"<p>D\u017eet leg (jet lag) je poreme\u0107aj do kog dolazi prilikom leta avionom kroz nekoliko vremenskih zona. Tada se mogu osetiti odre\u0111ene posledice usled neusagla\u0161enosti \u010dovekovog uobi\u010dajenog fiziolo\u0161kog ritma i geografskog ritma. Naziva se jo\u0161 i cirkadijalna disritmija. Pro\u010ditajte u nastavku bloga koji su naj\u010de\u0161\u0107i simptomi d\u017eet lega i kako ih umanjiti. Za\u0161to se doga\u0111a d\u017eet [&hellip;]<\/p>\n","protected":false},"author":1,"featured_media":729,"comment_status":"open","ping_status":"open","sticky":false,"template":"","format":"standard","meta":{"footnotes":""},"categories":[9],"tags":[],"class_list":["post-728","post","type-post","status-publish","format-standard","has-post-thumbnail","hentry","category-travel"],"yoast_head":"<!-- This site is optimized with the Yoast SEO plugin v27.3 - https:\/\/yoast.com\/product\/yoast-seo-wordpress\/ -->\n<title>D\u017eet leg (Jet Lag) | \u0160ta je i koji su mu simptomi | Tesla Parking<\/title>\n<meta name=\"description\" content=\"Saznajte \u0161ta je i koliko traje d\u017eet leg i kako ga prepoznati. Pro\u010ditajte na\u0161 stru\u010dni blog u kom vam otkrivamo simptome d\u017eet lega i na\u010dine da ih ubla\u017eite.\" \/>\n<meta name=\"robots\" content=\"index, follow, max-snippet:-1, max-image-preview:large, max-video-preview:-1\" \/>\n<link rel=\"canonical\" href=\"https:\/\/parkingtesla.com\/en\/2024\/11\/27\/sta-je-dzet-leg-koliko-traje-i-koji-su-mu-simptomi\/\" \/>\n<meta property=\"og:locale\" content=\"en_US\" \/>\n<meta property=\"og:type\" content=\"article\" \/>\n<meta property=\"og:title\" content=\"D\u017eet leg (Jet Lag) | \u0160ta je i koji su mu simptomi | Tesla Parking\" \/>\n<meta property=\"og:description\" content=\"Saznajte \u0161ta je i koliko traje d\u017eet leg i kako ga prepoznati. Pro\u010ditajte na\u0161 stru\u010dni blog u kom vam otkrivamo simptome d\u017eet lega i na\u010dine da ih ubla\u017eite.\" \/>\n<meta property=\"og:url\" content=\"https:\/\/parkingtesla.com\/en\/2024\/11\/27\/sta-je-dzet-leg-koliko-traje-i-koji-su-mu-simptomi\/\" \/>\n<meta property=\"og:site_name\" content=\"Parking Tesla - Povoljan i bezbedan parking na aerodromu\" \/>\n<meta property=\"article:published_time\" content=\"2024-11-27T12:08:04+00:00\" \/>\n<meta property=\"article:modified_time\" content=\"2024-11-27T12:08:34+00:00\" \/>\n<meta property=\"og:image\" content=\"https:\/\/parkingtesla.com\/wp-content\/uploads\/2024\/11\/covek-spava-kofer-budilnik.jpg\" \/>\n\t<meta property=\"og:image:width\" content=\"1024\" \/>\n\t<meta property=\"og:image:height\" content=\"683\" \/>\n\t<meta property=\"og:image:type\" content=\"image\/jpeg\" \/>\n<meta name=\"author\" content=\"admin\" \/>\n<meta name=\"twitter:card\" content=\"summary_large_image\" \/>\n<meta name=\"twitter:label1\" content=\"Written by\" \/>\n\t<meta name=\"twitter:data1\" content=\"admin\" \/>\n\t<meta name=\"twitter:label2\" content=\"Est. reading time\" \/>\n\t<meta name=\"twitter:data2\" content=\"5 minutes\" \/>\n<script type=\"application\/ld+json\" class=\"yoast-schema-graph\">{\"@context\":\"https:\\\/\\\/schema.org\",\"@graph\":[{\"@type\":\"Article\",\"@id\":\"https:\\\/\\\/parkingtesla.com\\\/en\\\/2024\\\/11\\\/27\\\/sta-je-dzet-leg-koliko-traje-i-koji-su-mu-simptomi\\\/#article\",\"isPartOf\":{\"@id\":\"https:\\\/\\\/parkingtesla.com\\\/en\\\/2024\\\/11\\\/27\\\/sta-je-dzet-leg-koliko-traje-i-koji-su-mu-simptomi\\\/\"},\"author\":{\"name\":\"admin\",\"@id\":\"https:\\\/\\\/parkingtesla.com\\\/en\\\/#\\\/schema\\\/person\\\/bbad7f294b0f5df9ec2002338e11bbf7\"},\"headline\":\"\u0160ta je d\u017eet leg, koliko traje i koji su mu simptomi?\",\"datePublished\":\"2024-11-27T12:08:04+00:00\",\"dateModified\":\"2024-11-27T12:08:34+00:00\",\"mainEntityOfPage\":{\"@id\":\"https:\\\/\\\/parkingtesla.com\\\/en\\\/2024\\\/11\\\/27\\\/sta-je-dzet-leg-koliko-traje-i-koji-su-mu-simptomi\\\/\"},\"wordCount\":954,\"commentCount\":0,\"image\":{\"@id\":\"https:\\\/\\\/parkingtesla.com\\\/en\\\/2024\\\/11\\\/27\\\/sta-je-dzet-leg-koliko-traje-i-koji-su-mu-simptomi\\\/#primaryimage\"},\"thumbnailUrl\":\"https:\\\/\\\/parkingtesla.com\\\/wp-content\\\/uploads\\\/2024\\\/11\\\/covek-spava-kofer-budilnik.jpg\",\"articleSection\":[\"Travel\"],\"inLanguage\":\"en-US\",\"potentialAction\":[{\"@type\":\"CommentAction\",\"name\":\"Comment\",\"target\":[\"https:\\\/\\\/parkingtesla.com\\\/en\\\/2024\\\/11\\\/27\\\/sta-je-dzet-leg-koliko-traje-i-koji-su-mu-simptomi\\\/#respond\"]}]},{\"@type\":\"WebPage\",\"@id\":\"https:\\\/\\\/parkingtesla.com\\\/en\\\/2024\\\/11\\\/27\\\/sta-je-dzet-leg-koliko-traje-i-koji-su-mu-simptomi\\\/\",\"url\":\"https:\\\/\\\/parkingtesla.com\\\/en\\\/2024\\\/11\\\/27\\\/sta-je-dzet-leg-koliko-traje-i-koji-su-mu-simptomi\\\/\",\"name\":\"D\u017eet leg (Jet Lag) | \u0160ta je i koji su mu simptomi | Tesla Parking\",\"isPartOf\":{\"@id\":\"https:\\\/\\\/parkingtesla.com\\\/en\\\/#website\"},\"primaryImageOfPage\":{\"@id\":\"https:\\\/\\\/parkingtesla.com\\\/en\\\/2024\\\/11\\\/27\\\/sta-je-dzet-leg-koliko-traje-i-koji-su-mu-simptomi\\\/#primaryimage\"},\"image\":{\"@id\":\"https:\\\/\\\/parkingtesla.com\\\/en\\\/2024\\\/11\\\/27\\\/sta-je-dzet-leg-koliko-traje-i-koji-su-mu-simptomi\\\/#primaryimage\"},\"thumbnailUrl\":\"https:\\\/\\\/parkingtesla.com\\\/wp-content\\\/uploads\\\/2024\\\/11\\\/covek-spava-kofer-budilnik.jpg\",\"datePublished\":\"2024-11-27T12:08:04+00:00\",\"dateModified\":\"2024-11-27T12:08:34+00:00\",\"author\":{\"@id\":\"https:\\\/\\\/parkingtesla.com\\\/en\\\/#\\\/schema\\\/person\\\/bbad7f294b0f5df9ec2002338e11bbf7\"},\"description\":\"Saznajte \u0161ta je i koliko traje d\u017eet leg i kako ga prepoznati. Pro\u010ditajte na\u0161 stru\u010dni blog u kom vam otkrivamo simptome d\u017eet lega i na\u010dine da ih ubla\u017eite.\",\"breadcrumb\":{\"@id\":\"https:\\\/\\\/parkingtesla.com\\\/en\\\/2024\\\/11\\\/27\\\/sta-je-dzet-leg-koliko-traje-i-koji-su-mu-simptomi\\\/#breadcrumb\"},\"inLanguage\":\"en-US\",\"potentialAction\":[{\"@type\":\"ReadAction\",\"target\":[\"https:\\\/\\\/parkingtesla.com\\\/en\\\/2024\\\/11\\\/27\\\/sta-je-dzet-leg-koliko-traje-i-koji-su-mu-simptomi\\\/\"]}]},{\"@type\":\"ImageObject\",\"inLanguage\":\"en-US\",\"@id\":\"https:\\\/\\\/parkingtesla.com\\\/en\\\/2024\\\/11\\\/27\\\/sta-je-dzet-leg-koliko-traje-i-koji-su-mu-simptomi\\\/#primaryimage\",\"url\":\"https:\\\/\\\/parkingtesla.com\\\/wp-content\\\/uploads\\\/2024\\\/11\\\/covek-spava-kofer-budilnik.jpg\",\"contentUrl\":\"https:\\\/\\\/parkingtesla.com\\\/wp-content\\\/uploads\\\/2024\\\/11\\\/covek-spava-kofer-budilnik.jpg\",\"width\":1024,\"height\":683},{\"@type\":\"BreadcrumbList\",\"@id\":\"https:\\\/\\\/parkingtesla.com\\\/en\\\/2024\\\/11\\\/27\\\/sta-je-dzet-leg-koliko-traje-i-koji-su-mu-simptomi\\\/#breadcrumb\",\"itemListElement\":[{\"@type\":\"ListItem\",\"position\":1,\"name\":\"Home\",\"item\":\"https:\\\/\\\/parkingtesla.com\\\/en\\\/home\\\/\"},{\"@type\":\"ListItem\",\"position\":2,\"name\":\"\u0160ta je d\u017eet leg, koliko traje i koji su mu simptomi?\"}]},{\"@type\":\"WebSite\",\"@id\":\"https:\\\/\\\/parkingtesla.com\\\/en\\\/#website\",\"url\":\"https:\\\/\\\/parkingtesla.com\\\/en\\\/\",\"name\":\"Tesla Parking - povoljan i bezbedan parking na aerodromu u Beogradu\",\"description\":\"\",\"potentialAction\":[{\"@type\":\"SearchAction\",\"target\":{\"@type\":\"EntryPoint\",\"urlTemplate\":\"https:\\\/\\\/parkingtesla.com\\\/en\\\/?s={search_term_string}\"},\"query-input\":{\"@type\":\"PropertyValueSpecification\",\"valueRequired\":true,\"valueName\":\"search_term_string\"}}],\"inLanguage\":\"en-US\"},{\"@type\":\"Person\",\"@id\":\"https:\\\/\\\/parkingtesla.com\\\/en\\\/#\\\/schema\\\/person\\\/bbad7f294b0f5df9ec2002338e11bbf7\",\"name\":\"admin\",\"image\":{\"@type\":\"ImageObject\",\"inLanguage\":\"en-US\",\"@id\":\"https:\\\/\\\/secure.gravatar.com\\\/avatar\\\/1d117741268572bfe20db7443330469638bbe146851b00f27022ef80e703a188?s=96&d=mm&r=g\",\"url\":\"https:\\\/\\\/secure.gravatar.com\\\/avatar\\\/1d117741268572bfe20db7443330469638bbe146851b00f27022ef80e703a188?s=96&d=mm&r=g\",\"contentUrl\":\"https:\\\/\\\/secure.gravatar.com\\\/avatar\\\/1d117741268572bfe20db7443330469638bbe146851b00f27022ef80e703a188?s=96&d=mm&r=g\",\"caption\":\"admin\"},\"sameAs\":[\"https:\\\/\\\/parkingtesla.com\"]}]}<\/script>\n<!-- \/ Yoast SEO plugin. -->","yoast_head_json":{"title":"D\u017eet leg (Jet Lag) | \u0160ta je i koji su mu simptomi | Tesla Parking","description":"Saznajte \u0161ta je i koliko traje d\u017eet leg i kako ga prepoznati. Pro\u010ditajte na\u0161 stru\u010dni blog u kom vam otkrivamo simptome d\u017eet lega i na\u010dine da ih ubla\u017eite.","robots":{"index":"index","follow":"follow","max-snippet":"max-snippet:-1","max-image-preview":"max-image-preview:large","max-video-preview":"max-video-preview:-1"},"canonical":"https:\/\/parkingtesla.com\/en\/2024\/11\/27\/sta-je-dzet-leg-koliko-traje-i-koji-su-mu-simptomi\/","og_locale":"en_US","og_type":"article","og_title":"D\u017eet leg (Jet Lag) | \u0160ta je i koji su mu simptomi | Tesla Parking","og_description":"Saznajte \u0161ta je i koliko traje d\u017eet leg i kako ga prepoznati. Pro\u010ditajte na\u0161 stru\u010dni blog u kom vam otkrivamo simptome d\u017eet lega i na\u010dine da ih ubla\u017eite.","og_url":"https:\/\/parkingtesla.com\/en\/2024\/11\/27\/sta-je-dzet-leg-koliko-traje-i-koji-su-mu-simptomi\/","og_site_name":"Parking Tesla - Povoljan i bezbedan parking na aerodromu","article_published_time":"2024-11-27T12:08:04+00:00","article_modified_time":"2024-11-27T12:08:34+00:00","og_image":[{"width":1024,"height":683,"url":"https:\/\/parkingtesla.com\/wp-content\/uploads\/2024\/11\/covek-spava-kofer-budilnik.jpg","type":"image\/jpeg"}],"author":"admin","twitter_card":"summary_large_image","twitter_misc":{"Written by":"admin","Est. reading time":"5 minutes"},"schema":{"@context":"https:\/\/schema.org","@graph":[{"@type":"Article","@id":"https:\/\/parkingtesla.com\/en\/2024\/11\/27\/sta-je-dzet-leg-koliko-traje-i-koji-su-mu-simptomi\/#article","isPartOf":{"@id":"https:\/\/parkingtesla.com\/en\/2024\/11\/27\/sta-je-dzet-leg-koliko-traje-i-koji-su-mu-simptomi\/"},"author":{"name":"admin","@id":"https:\/\/parkingtesla.com\/en\/#\/schema\/person\/bbad7f294b0f5df9ec2002338e11bbf7"},"headline":"\u0160ta je d\u017eet leg, koliko traje i koji su mu simptomi?","datePublished":"2024-11-27T12:08:04+00:00","dateModified":"2024-11-27T12:08:34+00:00","mainEntityOfPage":{"@id":"https:\/\/parkingtesla.com\/en\/2024\/11\/27\/sta-je-dzet-leg-koliko-traje-i-koji-su-mu-simptomi\/"},"wordCount":954,"commentCount":0,"image":{"@id":"https:\/\/parkingtesla.com\/en\/2024\/11\/27\/sta-je-dzet-leg-koliko-traje-i-koji-su-mu-simptomi\/#primaryimage"},"thumbnailUrl":"https:\/\/parkingtesla.com\/wp-content\/uploads\/2024\/11\/covek-spava-kofer-budilnik.jpg","articleSection":["Travel"],"inLanguage":"en-US","potentialAction":[{"@type":"CommentAction","name":"Comment","target":["https:\/\/parkingtesla.com\/en\/2024\/11\/27\/sta-je-dzet-leg-koliko-traje-i-koji-su-mu-simptomi\/#respond"]}]},{"@type":"WebPage","@id":"https:\/\/parkingtesla.com\/en\/2024\/11\/27\/sta-je-dzet-leg-koliko-traje-i-koji-su-mu-simptomi\/","url":"https:\/\/parkingtesla.com\/en\/2024\/11\/27\/sta-je-dzet-leg-koliko-traje-i-koji-su-mu-simptomi\/","name":"D\u017eet leg (Jet Lag) | \u0160ta je i koji su mu simptomi | Tesla Parking","isPartOf":{"@id":"https:\/\/parkingtesla.com\/en\/#website"},"primaryImageOfPage":{"@id":"https:\/\/parkingtesla.com\/en\/2024\/11\/27\/sta-je-dzet-leg-koliko-traje-i-koji-su-mu-simptomi\/#primaryimage"},"image":{"@id":"https:\/\/parkingtesla.com\/en\/2024\/11\/27\/sta-je-dzet-leg-koliko-traje-i-koji-su-mu-simptomi\/#primaryimage"},"thumbnailUrl":"https:\/\/parkingtesla.com\/wp-content\/uploads\/2024\/11\/covek-spava-kofer-budilnik.jpg","datePublished":"2024-11-27T12:08:04+00:00","dateModified":"2024-11-27T12:08:34+00:00","author":{"@id":"https:\/\/parkingtesla.com\/en\/#\/schema\/person\/bbad7f294b0f5df9ec2002338e11bbf7"},"description":"Saznajte \u0161ta je i koliko traje d\u017eet leg i kako ga prepoznati. Pro\u010ditajte na\u0161 stru\u010dni blog u kom vam otkrivamo simptome d\u017eet lega i na\u010dine da ih ubla\u017eite.","breadcrumb":{"@id":"https:\/\/parkingtesla.com\/en\/2024\/11\/27\/sta-je-dzet-leg-koliko-traje-i-koji-su-mu-simptomi\/#breadcrumb"},"inLanguage":"en-US","potentialAction":[{"@type":"ReadAction","target":["https:\/\/parkingtesla.com\/en\/2024\/11\/27\/sta-je-dzet-leg-koliko-traje-i-koji-su-mu-simptomi\/"]}]},{"@type":"ImageObject","inLanguage":"en-US","@id":"https:\/\/parkingtesla.com\/en\/2024\/11\/27\/sta-je-dzet-leg-koliko-traje-i-koji-su-mu-simptomi\/#primaryimage","url":"https:\/\/parkingtesla.com\/wp-content\/uploads\/2024\/11\/covek-spava-kofer-budilnik.jpg","contentUrl":"https:\/\/parkingtesla.com\/wp-content\/uploads\/2024\/11\/covek-spava-kofer-budilnik.jpg","width":1024,"height":683},{"@type":"BreadcrumbList","@id":"https:\/\/parkingtesla.com\/en\/2024\/11\/27\/sta-je-dzet-leg-koliko-traje-i-koji-su-mu-simptomi\/#breadcrumb","itemListElement":[{"@type":"ListItem","position":1,"name":"Home","item":"https:\/\/parkingtesla.com\/en\/home\/"},{"@type":"ListItem","position":2,"name":"\u0160ta je d\u017eet leg, koliko traje i koji su mu simptomi?"}]},{"@type":"WebSite","@id":"https:\/\/parkingtesla.com\/en\/#website","url":"https:\/\/parkingtesla.com\/en\/","name":"Tesla Parking - povoljan i bezbedan parking na aerodromu u Beogradu","description":"","potentialAction":[{"@type":"SearchAction","target":{"@type":"EntryPoint","urlTemplate":"https:\/\/parkingtesla.com\/en\/?s={search_term_string}"},"query-input":{"@type":"PropertyValueSpecification","valueRequired":true,"valueName":"search_term_string"}}],"inLanguage":"en-US"},{"@type":"Person","@id":"https:\/\/parkingtesla.com\/en\/#\/schema\/person\/bbad7f294b0f5df9ec2002338e11bbf7","name":"admin","image":{"@type":"ImageObject","inLanguage":"en-US","@id":"https:\/\/secure.gravatar.com\/avatar\/1d117741268572bfe20db7443330469638bbe146851b00f27022ef80e703a188?s=96&d=mm&r=g","url":"https:\/\/secure.gravatar.com\/avatar\/1d117741268572bfe20db7443330469638bbe146851b00f27022ef80e703a188?s=96&d=mm&r=g","contentUrl":"https:\/\/secure.gravatar.com\/avatar\/1d117741268572bfe20db7443330469638bbe146851b00f27022ef80e703a188?s=96&d=mm&r=g","caption":"admin"},"sameAs":["https:\/\/parkingtesla.com"]}]}},"_links":{"self":[{"href":"https:\/\/parkingtesla.com\/en\/wp-json\/wp\/v2\/posts\/728","targetHints":{"allow":["GET"]}}],"collection":[{"href":"https:\/\/parkingtesla.com\/en\/wp-json\/wp\/v2\/posts"}],"about":[{"href":"https:\/\/parkingtesla.com\/en\/wp-json\/wp\/v2\/types\/post"}],"author":[{"embeddable":true,"href":"https:\/\/parkingtesla.com\/en\/wp-json\/wp\/v2\/users\/1"}],"replies":[{"embeddable":true,"href":"https:\/\/parkingtesla.com\/en\/wp-json\/wp\/v2\/comments?post=728"}],"version-history":[{"count":2,"href":"https:\/\/parkingtesla.com\/en\/wp-json\/wp\/v2\/posts\/728\/revisions"}],"predecessor-version":[{"id":734,"href":"https:\/\/parkingtesla.com\/en\/wp-json\/wp\/v2\/posts\/728\/revisions\/734"}],"wp:featuredmedia":[{"embeddable":true,"href":"https:\/\/parkingtesla.com\/en\/wp-json\/wp\/v2\/media\/729"}],"wp:attachment":[{"href":"https:\/\/parkingtesla.com\/en\/wp-json\/wp\/v2\/media?parent=728"}],"wp:term":[{"taxonomy":"category","embeddable":true,"href":"https:\/\/parkingtesla.com\/en\/wp-json\/wp\/v2\/categories?post=728"},{"taxonomy":"post_tag","embeddable":true,"href":"https:\/\/parkingtesla.com\/en\/wp-json\/wp\/v2\/tags?post=728"}],"curies":[{"name":"wp","href":"https:\/\/api.w.org\/{rel}","templated":true}]}}